{"id":43213,"date":"2024-01-31T17:52:15","date_gmt":"2024-01-31T16:52:15","guid":{"rendered":"https:\/\/www.selleriesaft.com\/?p=43213"},"modified":"2025-10-12T00:02:41","modified_gmt":"2025-10-11T22:02:41","slug":"canelones-segun-anthony-william","status":"publish","type":"post","link":"https:\/\/www.selleriesaft.com\/es\/cannelloni\/","title":{"rendered":"Canelo\u00adnes"},"content":{"rendered":"<p><strong>Ingre\u00addi\u00aden\u00adtes para 4 porciones:&nbsp;<\/strong><\/p>\n\n\n\n<p>Para el \u2018que\u00adso de patata\u2019:&nbsp;<\/p>\n\n\n\n<ul class=\"wp-block-list\">\n<li>440 g de pata\u00adtas pica\u00addas en tro\u00adzos grandes<\/li>\n\n\n\n<li>130 g de zan\u00ada\u00adho\u00adri\u00adas pica\u00addas en tro\u00adzos grandes&nbsp;<\/li>\n\n\n\n<li>1 cucha\u00adra\u00adda <a href=\"https:\/\/www.amazon.de\/getrocknete-hochwertiges-Zwiebelpulver-BIO-Qualit%C3%A4t-Saliamo\/dp\/B098JGKGHB?__mk_de_DE=%C3%85M%C3%85%C5%BD%C3%95%C3%91&amp;crid=309I9YFV651KS&amp;keywords=Zwiebelpulver%2C%2Bbio&amp;qid=1676969174&amp;sprefix=zwiebelpulver%2Bbio%2Caps%2C106&amp;sr=8-7&amp;th=1&amp;linkCode=ll1&amp;tag=sesacom-21&amp;linkId=8f5e02a997570b0c32febe08f08f7582&amp;language=de_DE&amp;ref_=as_li_ss_tl\" target=\"_blank\" data-type=\"link\" data-id=\"https:\/\/www.amazon.de\/getrocknete-hochwertiges-Zwiebelpulver-BIO-Qualit%C3%A4t-Saliamo\/dp\/B098JGKGHB?__mk_de_DE=%C3%85M%C3%85%C5%BD%C3%95%C3%91&amp;crid=309I9YFV651KS&amp;keywords=Zwiebelpulver%2C%2Bbio&amp;qid=1676969174&amp;sprefix=zwiebelpulver%2Bbio%2Caps%2C106&amp;sr=8-7&amp;th=1&amp;linkCode=ll1&amp;tag=sesacom-21&amp;linkId=8f5e02a997570b0c32febe08f08f7582&amp;language=de_DE&amp;ref_=as_li_ss_tl\" rel=\"noreferrer noopener nofollow sponsored\">Cebol\u00adla en&nbsp;polvo<\/a><\/li>\n\n\n\n<li>1 cucha\u00adra\u00adda <a href=\"https:\/\/www.amazon.de\/getrocknet-Knoblauchpulver-Zusatzstoffe-mediterrane-Saliamo\/dp\/B09MZ3H93X?crid=38RCVBUFSKFAX&amp;keywords=knoblauchpulver+bio+fein+gemahlen&amp;qid=1676969296&amp;sprefix=knoblauchpulver+bio%2Caps%2C82&amp;sr=8-7&amp;linkCode=ll1&amp;tag=sesacom-21&amp;linkId=2b4e270e90952bf6d9c2211c90fdb218&amp;language=de_DE&amp;ref_=as_li_ss_tl\" target=\"_blank\" data-type=\"link\" data-id=\"https:\/\/www.amazon.de\/getrocknet-Knoblauchpulver-Zusatzstoffe-mediterrane-Saliamo\/dp\/B09MZ3H93X?crid=38RCVBUFSKFAX&amp;keywords=knoblauchpulver+bio+fein+gemahlen&amp;qid=1676969296&amp;sprefix=knoblauchpulver+bio%2Caps%2C82&amp;sr=8-7&amp;linkCode=ll1&amp;tag=sesacom-21&amp;linkId=2b4e270e90952bf6d9c2211c90fdb218&amp;language=de_DE&amp;ref_=as_li_ss_tl\" rel=\"noreferrer noopener nofollow sponsored\">Pol\u00advo de ajo<\/a> <\/li>\n\n\n\n<li>1 cucha\u00adra\u00addi\u00adta <a href=\"https:\/\/www.amazon.de\/Paprika-gemahlen-Paprikapulver-vom-Achterhof\/dp\/B0753GYJ29?__mk_de_DE=%C3%85M%C3%85%C5%BD%C3%95%C3%91&amp;crid=32RR67ATM1OYE&amp;keywords=paprikapulver%2C%2Bbio&amp;qid=1676968866&amp;sprefix=paprikapulver%2Bbio%2Caps%2C82&amp;sr=8-8&amp;th=1&amp;linkCode=ll1&amp;tag=sesacom-21&amp;linkId=66df1b09a0feb247364c976c20745f0d&amp;language=de_DE&amp;ref_=as_li_ss_tl\" target=\"_blank\" data-type=\"link\" data-id=\"https:\/\/www.amazon.de\/Paprika-gemahlen-Paprikapulver-vom-Achterhof\/dp\/B0753GYJ29?__mk_de_DE=%C3%85M%C3%85%C5%BD%C3%95%C3%91&amp;crid=32RR67ATM1OYE&amp;keywords=paprikapulver%2C%2Bbio&amp;qid=1676968866&amp;sprefix=paprikapulver%2Bbio%2Caps%2C82&amp;sr=8-8&amp;th=1&amp;linkCode=ll1&amp;tag=sesacom-21&amp;linkId=66df1b09a0feb247364c976c20745f0d&amp;language=de_DE&amp;ref_=as_li_ss_tl\" rel=\"noreferrer noopener nofollow sponsored\">Pol\u00advo de piment\u00f3n<\/a><\/li>\n\n\n\n<li>2 cucha\u00adra\u00addas de t\u00e9 <a href=\"https:\/\/www.amazon.de\/Azafran-BIO-Oregano-getrocknet-gerebelt\/dp\/B073WXDL5J?__mk_de_DE=%C3%85M%C3%85%C5%BD%C3%95%C3%91&amp;crid=INEMALP69JV4&amp;keywords=oregano%2Bbio&amp;qid=1650450035&amp;sprefix=oregano%2Caps%2C63&amp;sr=8-5&amp;th=1&amp;linkCode=ll1&amp;tag=sesacom-21&amp;linkId=0139bb9bce83d14c5946af672aae35ee&amp;language=de_DE&amp;ref_=as_li_ss_tl\" target=\"_blank\" data-type=\"link\" data-id=\"https:\/\/www.amazon.de\/Azafran-BIO-Oregano-getrocknet-gerebelt\/dp\/B073WXDL5J?__mk_de_DE=%C3%85M%C3%85%C5%BD%C3%95%C3%91&amp;crid=INEMALP69JV4&amp;keywords=oregano%2Bbio&amp;qid=1650450035&amp;sprefix=oregano%2Caps%2C63&amp;sr=8-5&amp;th=1&amp;linkCode=ll1&amp;tag=sesacom-21&amp;linkId=0139bb9bce83d14c5946af672aae35ee&amp;language=de_DE&amp;ref_=as_li_ss_tl\" rel=\"noreferrer noopener nofollow sponsored\">Or\u00e9\u00adga\u00adno seco<\/a> o <a href=\"https:\/\/www.amazon.de\/Basilikum-getrocknet-gerebelt-Gew%C3%BCrz-vom-Achterhof\/dp\/B00I294FB6?__mk_de_DE=%C3%85M%C3%85%C5%BD%C3%95%C3%91&amp;crid=216UYD59JYDMD&amp;keywords=getrocknetes+Basilikum&amp;qid=1706539649&amp;sprefix=getrocknetes+basilikum+%2Caps%2C80&amp;sr=8-5&amp;linkCode=ll1&amp;tag=sesacom-21&amp;linkId=5bceb01199615db7d5e35e2f31d4eb75&amp;language=de_DE&amp;ref_=as_li_ss_tl\" target=\"_blank\" data-type=\"link\" data-id=\"https:\/\/www.amazon.de\/Basilikum-getrocknet-gerebelt-Gew%C3%BCrz-vom-Achterhof\/dp\/B00I294FB6?__mk_de_DE=%C3%85M%C3%85%C5%BD%C3%95%C3%91&amp;crid=216UYD59JYDMD&amp;keywords=getrocknetes+Basilikum&amp;qid=1706539649&amp;sprefix=getrocknetes+basilikum+%2Caps%2C80&amp;sr=8-5&amp;linkCode=ll1&amp;tag=sesacom-21&amp;linkId=5bceb01199615db7d5e35e2f31d4eb75&amp;language=de_DE&amp;ref_=as_li_ss_tl\" rel=\"noreferrer noopener nofollow sponsored\">alba\u00adha\u00adca&nbsp;seca<\/a><\/li>\n\n\n\n<li>1 cucha\u00adra\u00adda de jugo de lim\u00f3n reci\u00e9n exprimido<\/li>\n<\/ul>\n\n\n\n<p>Para la sal\u00adsa de tomate:&nbsp;<\/p>\n\n\n\n<ul class=\"wp-block-list\">\n<li>30 g de cebol\u00adlas blan\u00adcas fina\u00admen\u00adte picadas<\/li>\n\n\n\n<li>3 dien\u00adtes de ajo fina\u00admen\u00adte picados<\/li>\n\n\n\n<li>1 cucha\u00adra\u00adda <a href=\"https:\/\/www.amazon.de\/Selva-Tomatenkonzentrat-doppelt-konzentriert-28-30\/dp\/B07SZ4H13X?__mk_de_DE=%C3%85M%C3%85%C5%BD%C3%95%C3%91&amp;crid=24ZMR1DVN950I&amp;keywords=tomatenmark%2C%2Bbio%2C%2Bla%2Bselva&amp;qid=1650436839&amp;sprefix=tomatenmark%2Bbio%2Bla%2Bselba%2Caps%2C81&amp;sr=8-2&amp;th=1&amp;linkCode=ll1&amp;tag=sesacom-21&amp;linkId=0564a3418627b0d1781ce43bc7000309&amp;language=de_DE&amp;ref_=as_li_ss_tl\" target=\"_blank\" data-type=\"link\" data-id=\"https:\/\/www.amazon.de\/Selva-Tomatenkonzentrat-doppelt-konzentriert-28-30\/dp\/B07SZ4H13X?__mk_de_DE=%C3%85M%C3%85%C5%BD%C3%95%C3%91&amp;crid=24ZMR1DVN950I&amp;keywords=tomatenmark%2C%2Bbio%2C%2Bla%2Bselva&amp;qid=1650436839&amp;sprefix=tomatenmark%2Bbio%2Bla%2Bselba%2Caps%2C81&amp;sr=8-2&amp;th=1&amp;linkCode=ll1&amp;tag=sesacom-21&amp;linkId=0564a3418627b0d1781ce43bc7000309&amp;language=de_DE&amp;ref_=as_li_ss_tl\" rel=\"noreferrer noopener nofollow sponsored\">Pas\u00adta de tomate<\/a><\/li>\n\n\n\n<li>460g <a href=\"https:\/\/www.amazon.de\/Selva-Bio-Polpa-pomodoro-St%C3%BCckige\/dp\/B07T1FBVLJ?__mk_de_DE=%C3%85M%C3%85%C5%BD%C3%95%C3%91&amp;crid=2DG5JLEC077MX&amp;keywords=st%C3%BCckige%2Btomaten%2Bim%2Bglas&amp;qid=1706539489&amp;sbo=RZvfv%2F%2FHxDF%2BO5021pAnSA%3D%3D&amp;sprefix=st%C3%BCckige%2Btomaten%2Bim%2Bglas%2Caps%2C85&amp;sr=8-6&amp;th=1&amp;linkCode=ll1&amp;tag=sesacom-21&amp;linkId=340bf193469fb74926f0a999995cd9cc&amp;language=de_DE&amp;ref_=as_li_ss_tl\" target=\"_blank\" data-type=\"link\" data-id=\"https:\/\/www.amazon.de\/Selva-Bio-Polpa-pomodoro-St%C3%BCckige\/dp\/B07T1FBVLJ?__mk_de_DE=%C3%85M%C3%85%C5%BD%C3%95%C3%91&amp;crid=2DG5JLEC077MX&amp;keywords=st%C3%BCckige%2Btomaten%2Bim%2Bglas&amp;qid=1706539489&amp;sbo=RZvfv%2F%2FHxDF%2BO5021pAnSA%3D%3D&amp;sprefix=st%C3%BCckige%2Btomaten%2Bim%2Bglas%2Caps%2C85&amp;sr=8-6&amp;th=1&amp;linkCode=ll1&amp;tag=sesacom-21&amp;linkId=340bf193469fb74926f0a999995cd9cc&amp;language=de_DE&amp;ref_=as_li_ss_tl\" rel=\"noreferrer noopener nofollow sponsored\">toma\u00adtes grue\u00adsos<\/a> del fras\u00adco o 1 kg de d\u00e1ti\u00adles o toma\u00adtes cher\u00adry fres\u00adcos pica\u00addos en tro\u00adzos grandes<\/li>\n\n\n\n<li>1 cucha\u00adra\u00addi\u00adta <a href=\"https:\/\/www.amazon.de\/Azafran-BIO-Oregano-getrocknet-gerebelt\/dp\/B073WXDL5J?__mk_de_DE=%C3%85M%C3%85%C5%BD%C3%95%C3%91&amp;crid=INEMALP69JV4&amp;keywords=oregano%2Bbio&amp;qid=1650450035&amp;sprefix=oregano%2Caps%2C63&amp;sr=8-5&amp;th=1&amp;linkCode=ll1&amp;tag=sesacom-21&amp;linkId=0139bb9bce83d14c5946af672aae35ee&amp;language=de_DE&amp;ref_=as_li_ss_tl\" data-type=\"link\" data-id=\"https:\/\/www.amazon.de\/Azafran-BIO-Oregano-getrocknet-gerebelt\/dp\/B073WXDL5J?__mk_de_DE=%C3%85M%C3%85%C5%BD%C3%95%C3%91&amp;crid=INEMALP69JV4&amp;keywords=oregano%2Bbio&amp;qid=1650450035&amp;sprefix=oregano%2Caps%2C63&amp;sr=8-5&amp;th=1&amp;linkCode=ll1&amp;tag=sesacom-21&amp;linkId=0139bb9bce83d14c5946af672aae35ee&amp;language=de_DE&amp;ref_=as_li_ss_tl\" target=\"_blank\" rel=\"noopener\">Or\u00e9\u00adga\u00adno&nbsp;seco<\/a><\/li>\n\n\n\n<li>1 cucha\u00adra\u00addi\u00adta <a href=\"https:\/\/www.amazon.de\/Azafran-BIO-Thymian-getrocknet-gerebelt\/dp\/B073WWPRD4?__mk_de_DE=%C3%85M%C3%85%C5%BD%C3%95%C3%91&amp;crid=1Q1W9AB9YR40J&amp;keywords=thymian%2Bbio&amp;qid=1650450009&amp;sprefix=thymian%2Bbio%2Caps%2C77&amp;sr=8-5&amp;th=1&amp;linkCode=ll1&amp;tag=sesacom-21&amp;linkId=53682c0b6c95e281644e562c508d9eeb&amp;language=de_DE&amp;ref_=as_li_ss_tl\" target=\"_blank\" data-type=\"link\" data-id=\"https:\/\/www.amazon.de\/Azafran-BIO-Thymian-getrocknet-gerebelt\/dp\/B073WWPRD4?__mk_de_DE=%C3%85M%C3%85%C5%BD%C3%95%C3%91&amp;crid=1Q1W9AB9YR40J&amp;keywords=thymian%2Bbio&amp;qid=1650450009&amp;sprefix=thymian%2Bbio%2Caps%2C77&amp;sr=8-5&amp;th=1&amp;linkCode=ll1&amp;tag=sesacom-21&amp;linkId=53682c0b6c95e281644e562c508d9eeb&amp;language=de_DE&amp;ref_=as_li_ss_tl\" rel=\"noreferrer noopener nofollow sponsored\">tomil\u00adlo&nbsp;seco<\/a><\/li>\n\n\n\n<li>1\/2 cucha\u00adra\u00addi\u00adta <a href=\"https:\/\/www.amazon.de\/Azafran-BIO-Chiliflocken-scharf-geschrotet\/dp\/B08JCD7TKF?__mk_de_DE=%C3%85M%C3%85%C5%BD%C3%95%C3%91&amp;crid=2T3B1BSOMRKJJ&amp;keywords=Chiliflocken%2C%2Bbio&amp;qid=1706539772&amp;sprefix=chiliflocken%2Bbio%2Caps%2C92&amp;sr=8-6&amp;th=1&amp;linkCode=ll1&amp;tag=sesacom-21&amp;linkId=1d54184e296b7c6e880b249abc1f15e8&amp;language=de_DE&amp;ref_=as_li_ss_tl\" target=\"_blank\" data-type=\"link\" data-id=\"https:\/\/www.amazon.de\/Azafran-BIO-Chiliflocken-scharf-geschrotet\/dp\/B08JCD7TKF?__mk_de_DE=%C3%85M%C3%85%C5%BD%C3%95%C3%91&amp;crid=2T3B1BSOMRKJJ&amp;keywords=Chiliflocken%2C%2Bbio&amp;qid=1706539772&amp;sprefix=chiliflocken%2Bbio%2Caps%2C92&amp;sr=8-6&amp;th=1&amp;linkCode=ll1&amp;tag=sesacom-21&amp;linkId=1d54184e296b7c6e880b249abc1f15e8&amp;language=de_DE&amp;ref_=as_li_ss_tl\" rel=\"noreferrer noopener nofollow sponsored\">Hojue\u00adlas de&nbsp;chile<\/a><\/li>\n\n\n\n<li>unas hojas de alba\u00adha\u00adca para decorar<\/li>\n<\/ul>\n\n\n\n<p>Para los canelones:&nbsp;<\/p>\n\n\n\n<p>3 a 4 cala\u00adba\u00adci\u00adn\u00ades peque\u00f1os<\/p>\n\n\n\n<p><strong>Pre\u00adpa\u00adra\u00adci\u00f3n:<\/strong> <\/p>\n\n\n\n<p>En una olla con acces\u00ado\u00adrio para vapor, coci\u00adne al vapor las papas y las zan\u00ada\u00adho\u00adri\u00adas has\u00adta que est\u00e9n sua\u00adves, de 15 a 20 minu\u00adtos. Haga pur\u00e9 jun\u00adto con la cebol\u00adla, el ajo y el pimen\u00adt\u00f3n en pol\u00advo, as\u00ed como el jugo de lim\u00f3n, el or\u00e9\u00adga\u00adno o la alba\u00adha\u00adca en un pro\u00adces\u00adador de ali\u00adment\u00ados has\u00adta que que\u00adde sua\u00adve. Si la sal\u00adsa de pata\u00adtas queda muy fina, d\u00e9ja\u00adla enfri\u00adar en un bol tapa\u00adda con un pa\u00f1o duran\u00adte 1 a 2 horas para que la mez\u00adcla que\u00adde m\u00e1s&nbsp;firme.&nbsp;<\/p>\n\n\n\n<p>Para la sal\u00adsa de toma\u00adte, sal\u00adtea las cebol\u00adlas en una olla de cer\u00e1\u00admi\u00adca antiad\u00adher\u00aden\u00adte duran\u00adte 5 a 8 minu\u00adtos has\u00adta que est\u00e9n blan\u00addas. Si se pegan, a\u00f1a\u00adde un poco de agua. Aho\u00adra agre\u00adgue el ajo y la pas\u00adta de toma\u00adte y coci\u00adne, revol\u00advi\u00aden\u00addo con\u00adstan\u00adte\u00admen\u00adte, duran\u00adte 1 a 2 minu\u00adtos has\u00adta que la pas\u00adta de toma\u00adte se oscu\u00adrez\u00adca y comience a cara\u00adme\u00adli\u00adzar. Agre\u00adga los toma\u00adtes pica\u00addos, el or\u00e9\u00adga\u00adno seco, el tomil\u00adlo y el chi\u00adle en pol\u00advo. Mez\u00adclar todo bien y coci\u00adnar a fue\u00adgo len\u00adto, revol\u00advi\u00aden\u00addo oca\u00adsio\u00adnal\u00admen\u00adte, duran\u00adte 30 a 40 minu\u00adtos has\u00adta que la sal\u00adsa espe\u00adse. Si lo dese\u00adas, d\u00e9ja\u00adlo como est\u00e1 o haz\u00adlo pur\u00e9 en una licua\u00addo\u00adra has\u00adta que que\u00adde com\u00adple\u00adta\u00admen\u00adte&nbsp;suave.&nbsp;<\/p>\n\n\n\n<p>Pre\u00adca\u00adli\u00aden\u00adta el hor\u00adno a 200\u00b0C. <\/p>\n\n\n\n<p>Con un pela\u00addor de ver\u00addu\u00adras o una man\u00addo\u00adli\u00adna, cor\u00adte tiras finas y anchas de cala\u00adbac\u00edn. Pre\u00adsio\u00adna lige\u00adra\u00admen\u00adte las tiras ent\u00adre papel de coci\u00adna para absor\u00adber el exce\u00adso de hume\u00addad. Lue\u00adgo, colo\u00adque tres tiras sob\u00adre una tab\u00adla de tra\u00adba\u00adjo, superpues\u00adtas ent\u00adre s\u00ed (ver video). Colo\u00adca una cucha\u00adra\u00adda col\u00adma\u00adda de \u2018que\u00adso de pata\u00adta\u2019 en el extre\u00admo de cada uno y enrol\u00adla. En total deben qued\u00adar ent\u00adre 10 y 12 canelones.&nbsp;<\/p>\n\n\n\n<p>Vier\u00adte la sal\u00adsa de toma\u00adte en el fon\u00addo de una fuen\u00adte para hor\u00adno gran\u00adde y colo\u00adca en ella los canelo\u00adnes. Unt\u00adar el res\u00adto del \u2018que\u00adso de pata\u00adta\u2019 sob\u00adre los canelones.&nbsp;<\/p>\n\n\n\n<p>Hor\u00adnea los canelo\u00adnes duran\u00adte 25 a 30 minu\u00adtos has\u00adta que el \u2018que\u00adso de pata\u00adta\u2019 bur\u00adbu\u00adjee y apa\u00adrez\u00adca un boni\u00adto color dora\u00addo. Deje enfri\u00adar por 5 minu\u00adtos y sir\u00adva ador\u00adna\u00addo con albahaca.&nbsp;<\/p>\n\n\n\n<p><strong>\u00a1Buen pro\u00adv\u00adecho! <\/strong><\/p>\n\n\n\n<p>Fuen\u00adte: <a href=\"https:\/\/www.amazon.de\/Heile-dein-Gehirn-Ern%C3%A4hrungsstrategien-N%C3%A4hrstoff-Therapien\/dp\/3442343046?crid=2AL0PRO3XAV0N&amp;keywords=heile+dein+gehirn+das+praxisprogramm+anthony+william&amp;qid=1706524146&amp;sprefix=Heile+dein+Gehirn%2Caps%2C85&amp;sr=8-1&amp;linkCode=ll1&amp;tag=sesacom-21&amp;linkId=268f9162582123b695a3d2cf827b2491&amp;language=de_DE&amp;ref_=as_li_ss_tl\" data-type=\"link\" data-id=\"https:\/\/www.amazon.de\/Heile-dein-Gehirn-Ern%C3%A4hrungsstrategien-N%C3%A4hrstoff-Therapien\/dp\/3442343046?crid=2AL0PRO3XAV0N&amp;keywords=heile+dein+gehirn+das+praxisprogramm+anthony+william&amp;qid=1706524146&amp;sprefix=Heile+dein+Gehirn%2Caps%2C85&amp;sr=8-1&amp;linkCode=ll1&amp;tag=sesacom-21&amp;linkId=268f9162582123b695a3d2cf827b2491&amp;language=de_DE&amp;ref_=as_li_ss_tl\" target=\"_blank\" rel=\"noreferrer noopener nofollow sponsored\">Sana tu cere\u00adb\u00adro, El pro\u00adgra\u00adma pr\u00e1ctico.<\/a><\/p>\n\n\n\n<p>Fotos: <a href=\"https:\/\/maarjaurb.com\/\" target=\"_blank\" data-type=\"link\" data-id=\"https:\/\/maarjaurb.com\/\" rel=\"noreferrer noopener\">Urb Maar\u00adja<\/a><\/p>","protected":false},"excerpt":{"rendered":"<p>Los canelo\u00adnes cl\u00e1\u00adsi\u00adcos ita\u00adlia\u00adnos en una ver\u00adsi\u00f3n sin grasa, cerea\u00adles ni l\u00e1c\u00adte\u00ados son una sabro\u00adsa alter\u00adna\u00adti\u00adva al ori\u00adgi\u00adnal. El cala\u00adbac\u00edn susti\u00adtuye a los fide\u00ados, se rel\u00adlen\u00adan con \u201cque\u00adso de pata\u00adta\u201d y se sir\u00adven en una sal\u00adsa de toma\u00adte pican\u00adte. \u00a1Deli\u00adca\u00addo! <\/p>","protected":false},"author":2,"featured_media":43211,"comment_status":"open","ping_status":"open","sticky":false,"template":"","format":"standard","meta":{"_acf_changed":false,"wp_typography_post_enhancements_disabled":false,"footnotes":""},"categories":[6],"tags":[37,269,56,206],"class_list":["post-43213","post","type-post","status-publish","format-standard","has-post-thumbnail","hentry","category-hauptgerichte","tag-kartoffeln","tag-moehren","tag-zucchini","tag-zwiebeln"],"acf":[],"_links":{"self":[{"href":"https:\/\/www.selleriesaft.com\/es\/wp-json\/wp\/v2\/posts\/43213","targetHints":{"allow":["GET"]}}],"collection":[{"href":"https:\/\/www.selleriesaft.com\/es\/wp-json\/wp\/v2\/posts"}],"about":[{"href":"https:\/\/www.selleriesaft.com\/es\/wp-json\/wp\/v2\/types\/post"}],"author":[{"embeddable":true,"href":"https:\/\/www.selleriesaft.com\/es\/wp-json\/wp\/v2\/users\/2"}],"replies":[{"embeddable":true,"href":"https:\/\/www.selleriesaft.com\/es\/wp-json\/wp\/v2\/comments?post=43213"}],"version-history":[{"count":0,"href":"https:\/\/www.selleriesaft.com\/es\/wp-json\/wp\/v2\/posts\/43213\/revisions"}],"wp:featuredmedia":[{"embeddable":true,"href":"https:\/\/www.selleriesaft.com\/es\/wp-json\/wp\/v2\/media\/43211"}],"wp:attachment":[{"href":"https:\/\/www.selleriesaft.com\/es\/wp-json\/wp\/v2\/media?parent=43213"}],"wp:term":[{"taxonomy":"category","embeddable":true,"href":"https:\/\/www.selleriesaft.com\/es\/wp-json\/wp\/v2\/categories?post=43213"},{"taxonomy":"post_tag","embeddable":true,"href":"https:\/\/www.selleriesaft.com\/es\/wp-json\/wp\/v2\/tags?post=43213"}],"curies":[{"name":"gra\u00adci\u00adas","href":"https:\/\/api.w.org\/{rel}","templated":true}]}}