{"id":2934,"date":"2019-12-01T15:38:57","date_gmt":"2019-12-01T14:38:57","guid":{"rendered":"https:\/\/www.selleriesaft.com\/?p=2934"},"modified":"2025-12-16T13:26:18","modified_gmt":"2025-12-16T12:26:18","slug":"les-biscuits-au-pain-depice-danja","status":"publish","type":"post","link":"https:\/\/www.selleriesaft.com\/fr\/anjas-lebkuchen-plaetzchen\/","title":{"rendered":"Les bis\u00adcuits au pain d\u2019\u00e9pi\u00adce d\u2019Anja"},"content":{"rendered":"<p><strong>Ing\u00adr\u00e9\u00addi\u00adents:<\/strong><\/p>\n\n\n\n<ul class=\"wp-block-list\">\n<li>100g <a href=\"https:\/\/amzn.to\/3caiKGW\" target=\"_blank\" rel=\"noreferrer noopener nofollow sponsored\">Mil\u00adlet<\/a>, sol<\/li>\n\n\n\n<li>100g <a href=\"https:\/\/amzn.to\/3cfABfM\" target=\"_blank\" rel=\"noreferrer noopener nofollow sponsored\">flo\u00adcons d\u2019a\u00advoi\u00adne sans glu\u00adten<\/a>, sol<\/li>\n\n\n\n<li>10g <a href=\"https:\/\/amzn.to\/34w2QD9\" target=\"_blank\" rel=\"noreferrer noopener nofollow sponsored\">Gom\u00adme de carou\u00adbe<\/a> (1 cuil\u00adl\u00e8\u00adre \u00e0 sou\u00adpe bomb\u00e9e)<\/li>\n\n\n\n<li>3 cuil\u00adl\u00e8\u00adres \u00e0 sou\u00adpe <a href=\"https:\/\/amzn.to\/3jNcKMU\" target=\"_blank\" rel=\"noreferrer noopener nofollow sponsored\">Grai\u00adnes de lin, mou\u00adlues<\/a> (\u00e9ga\u00adle\u00adment fari\u00adne de&nbsp;lin)<\/li>\n\n\n\n<li>\u00bd cuil\u00adl\u00e8\u00adre \u00e0 caf\u00e9 <a href=\"https:\/\/amzn.to\/2qMrP6z\" target=\"_blank\" rel=\"noreferrer noopener nofollow sponsored\">levu\u00adre chimique<\/a><\/li>\n\n\n\n<li>50 gram\u00admes <a href=\"https:\/\/amzn.to\/34xaAEO\" target=\"_blank\" rel=\"noreferrer noopener nofollow sponsored\">Sucre de fleur de coco<\/a> (s\u2019il n\u2019est pas gla\u00adc\u00e9, alors 80&nbsp;g)<\/li>\n\n\n\n<li>80g <a href=\"https:\/\/amzn.to\/2Lcdx5u\" target=\"_blank\" rel=\"noreferrer noopener nofollow sponsored\">Hui\u00adle de noix de&nbsp;coco<\/a><\/li>\n\n\n\n<li>1\/2 citron press\u00e9<\/li>\n\n\n\n<li>1 cuil\u00adl\u00e8\u00adre \u00e0 caf\u00e9 <a href=\"https:\/\/amzn.to\/35G6BqR\" target=\"_blank\" rel=\"noreferrer noopener nofollow sponsored\">\u00e9pi\u00adce pour pain d\u2019\u00e9pices<\/a><\/li>\n\n\n\n<li>1 pin\u00adc\u00e9e <a href=\"https:\/\/amzn.to\/2GX35wM\" target=\"_blank\" rel=\"noreferrer noopener nofollow sponsored\">Vanil\u00adle<\/a><\/li>\n\n\n\n<li>envi\u00adron 50 ml d\u2019eau (ajou\u00adter soigneusement)<\/li>\n<\/ul>\n\n\n\n<p><strong>Gla\u00ad\u00e7a\u00adge:&nbsp;<\/strong><\/p>\n\n\n\n<ul class=\"wp-block-list\">\n<li>2 cuil\u00adl\u00e8\u00adres \u00e0 sou\u00adpe <a href=\"https:\/\/amzn.to\/2L9vFgD\" target=\"_blank\" rel=\"noreferrer noopener nofollow sponsored\">Sucre de fleur de coco<\/a>, mou\u00adlu finement<\/li>\n\n\n\n<li>1 cuil\u00adl\u00e8\u00adre \u00e0 caf\u00e9 <a href=\"https:\/\/amzn.to\/2YFVJrD\" target=\"_blank\" rel=\"noreferrer noopener nofollow sponsored\">Carou\u00adbe<\/a> (au beso\u00adin), quel\u00adques gout\u00adtes&nbsp;d\u2019eau<\/li>\n<\/ul>\n\n\n\n<p><strong>Pr\u00e9\u00adpa\u00adra\u00adti\u00adon:&nbsp;<\/strong><\/p>\n\n\n\n<p>Broyez fine\u00adment le mil\u00adlet (varia\u00adble avec d\u2019au\u00adt\u00adres fari\u00adnes, par exemp\u00adle le qui\u00adnoa) et les flo\u00adcons d\u2019a\u00advoi\u00adne sans glu\u00adten. Main\u00adten\u00adant, tous les ing\u00adr\u00e9\u00addi\u00adents secs sont d\u2019abord m\u00e9lan\u00adg\u00e9s. Ajou\u00adtez ensuite l\u2019hui\u00adle de coco, le citron et un peu d\u2019eau et p\u00e9t\u00adris\u00adsez le tout en ajou\u00adtant un peu d\u2019eau si n\u00e9cessaire.<\/p>\n\n\n\n<p>Cou\u00adpez la p\u00e2te en quat\u00adre, \u00e9ta\u00adlez-la sur un plan fari\u00adn\u00e9 (envi\u00adron 5 mm d\u2019\u00e9\u00adpais\u00adseur) et d\u00e9coupez-la.<\/p>\n\n\n\n<p>Cui\u00adre au four pr\u00e9\u00adchauf\u00adf\u00e9 \u00e0 180\u00b0C de chaleur de vo\u00fb\u00adte et de sole pen\u00addant envi\u00adron 15 minu\u00adtes. Lais\u00adser refro\u00adidir sur la plaque \u00e0 p\u00e2tisserie.<\/p>\n\n\n\n<p><strong>Pour le gla\u00e7age:&nbsp;<\/strong><\/p>\n\n\n\n<p>Broyez 2 cuil\u00adl\u00e8\u00adres \u00e0 sou\u00adpe de sucre de fleur de coco (fon\u00adc\u00adtion\u00adne tr\u00e8s bien dans un moulin \u00e0 caf\u00e9) et m\u00e9lan\u00adgez le sucre en poud\u00adre obtenu avec 1 cuil\u00adl\u00e8\u00adre \u00e0 caf\u00e9 de carou\u00adbe et quel\u00adques gout\u00adtes d\u2019eau pour for\u00admer un gla\u00ad\u00e7a\u00adge \u00e9pais. Enfin, \u00e9ta\u00adlez au pin\u00adceau et d\u00e9co\u00adrez direc\u00adte\u00adment avec de la poud\u00adre d\u2019a\u00adman\u00addes, des flo\u00adcons de s\u00e9sa\u00adme ou de noix de&nbsp;coco.<\/p>\n\n\n\n<p>La quan\u00adti\u00adt\u00e9 fait envi\u00adron 40 biscuits.<\/p>\n\n\n\n<p>Il n\u2019y a aucu\u00adne rai\u00adson de man\u00adquer de d\u00e9li\u00adcieux bis\u00adcuits pen\u00addant la p\u00e9ri\u00adode de No\u00ebl. Le de <strong>Anja Mar\u00adnel\u00ada\u00adkis-Fried\u00adlein<\/strong> Les bis\u00adcuits au pain d\u2019\u00e9pi\u00adces con\u00ad\u00e7us sont une alter\u00adna\u00adti\u00adve mer\u00adveil\u00adleu\u00adse et con\u00adfor\u00adme aux bis\u00adcuits de No\u00ebl habi\u00adtuels et non moins d\u00e9li\u00adcieux. Vous \u00e9vi\u00adtez beau\u00adcoup de noix et pri\u00advil\u00e9\u00adgiez la r\u00e9duc\u00adtion des grais\u00adses. Vous pou\u00advez vous r\u00e9ga\u00adler ici sans regrets.<\/p>\n\n\n\n<p><strong>Pro\u00adfi\u00adtes-en!<\/strong><\/p>","protected":false},"excerpt":{"rendered":"<p>Ces d\u00e9li\u00adcieux bis\u00adcuits sont faci\u00adles \u00e0 pr\u00e9pa\u00adrer et peu\u00advent \u00eatre gla\u00adc\u00e9s et d\u00e9co\u00adr\u00e9s \u00e0 vot\u00adre gui\u00adse. Un plai\u00adsir sans cul\u00adpa\u00adbi\u00adli\u00adt\u00e9, pas seu\u00adle\u00adment pen\u00addant l\u2019Avent.<\/p>","protected":false},"author":2,"featured_media":2933,"comment_status":"open","ping_status":"open","sticky":false,"template":"","format":"standard","meta":{"_acf_changed":false,"wp_typography_post_enhancements_disabled":false,"footnotes":""},"categories":[24],"tags":[42,83],"class_list":["post-2934","post","type-post","status-publish","format-standard","has-post-thumbnail","hentry","category-leckereien","tag-advent-weihnachten","tag-hirse"],"acf":[],"_links":{"self":[{"href":"https:\/\/www.selleriesaft.com\/fr\/wp-json\/wp\/v2\/posts\/2934","targetHints":{"allow":["GET"]}}],"collection":[{"href":"https:\/\/www.selleriesaft.com\/fr\/wp-json\/wp\/v2\/posts"}],"about":[{"href":"https:\/\/www.selleriesaft.com\/fr\/wp-json\/wp\/v2\/types\/post"}],"author":[{"embeddable":true,"href":"https:\/\/www.selleriesaft.com\/fr\/wp-json\/wp\/v2\/users\/2"}],"replies":[{"embeddable":true,"href":"https:\/\/www.selleriesaft.com\/fr\/wp-json\/wp\/v2\/comments?post=2934"}],"version-history":[{"count":0,"href":"https:\/\/www.selleriesaft.com\/fr\/wp-json\/wp\/v2\/posts\/2934\/revisions"}],"wp:featuredmedia":[{"embeddable":true,"href":"https:\/\/www.selleriesaft.com\/fr\/wp-json\/wp\/v2\/media\/2933"}],"wp:attachment":[{"href":"https:\/\/www.selleriesaft.com\/fr\/wp-json\/wp\/v2\/media?parent=2934"}],"wp:term":[{"taxonomy":"category","embeddable":true,"href":"https:\/\/www.selleriesaft.com\/fr\/wp-json\/wp\/v2\/categories?post=2934"},{"taxonomy":"post_tag","embeddable":true,"href":"https:\/\/www.selleriesaft.com\/fr\/wp-json\/wp\/v2\/tags?post=2934"}],"curies":[{"name":"wp","href":"https:\/\/api.w.org\/{rel}","templated":true}]}}